{"id":548,"date":"2024-09-01T10:52:28","date_gmt":"2024-09-01T08:52:28","guid":{"rendered":"https:\/\/hundefreunde-aischgrund.de\/?p=548"},"modified":"2025-06-08T09:15:54","modified_gmt":"2025-06-08T07:15:54","slug":"20-jahre-hundefreunde-aischgrund","status":"publish","type":"post","link":"https:\/\/hundefreunde-aischgrund.de\/?p=548","title":{"rendered":"20 Jahre Hundefreunde Aischgrund"},"content":{"rendered":"\n<p>Wenn das kein Grund zum Feiern ist!<\/p>\n\n\n\n<p>Am Sa., dem 17.08.24, begann unser Fest am Nachmittag mit der Begr\u00fc\u00dfung durch unseren Vorstand Krimhild Ingrisch.<\/p>\n\n\n\n<p>Sie erz\u00e4hlte von der Entwicklung des Vereines und ehrte die noch zwei verbliebenen Gr\u00fcndungsmitglieder Caro Hammerl und Britta Waltersk\u00f6tter.<\/p>\n\n\n\n<p>Das Fest begann dann mit der Auff\u00fchrung der Dogdance-Gruppe: Caro, Melanie, Manu und Britta f\u00fchrten mit ihren Hunden kreative T\u00e4nze vor.<\/p>\n\n\n\n<p>Dann wurde das reichhaltige Buffett er\u00f6ffnet und die G\u00e4ste konnten sich die Vereinsentwicklung an einer Fotowand ansehen.&nbsp;<\/p>\n\n\n\n<p>Einen Spa\u00dfparcours galt es f\u00fcr die Mensch-Hund-Teams zu bew\u00e4ltigen und ein Quiz durfte gel\u00f6st werden. Anschlie\u00dfend wurde die Sieger geehrt.<\/p>\n\n\n\n<p>Trotz der Hitze ein toller, gelungener Tag &#8211; auf die n\u00e4chsten&nbsp;20&nbsp;Jahre!<\/p>\n\n\n\n<figure class=\"wp-block-image size-large\"><img loading=\"lazy\" decoding=\"async\" width=\"938\" height=\"1024\" src=\"https:\/\/hundefreunde-aischgrund.de\/wp-content\/uploads\/2024\/09\/IMG-20240818-WA0029-938x1024.jpg\" alt=\"\" class=\"wp-image-552\" srcset=\"https:\/\/hundefreunde-aischgrund.de\/wp-content\/uploads\/2024\/09\/IMG-20240818-WA0029-938x1024.jpg 938w, https:\/\/hundefreunde-aischgrund.de\/wp-content\/uploads\/2024\/09\/IMG-20240818-WA0029-275x300.jpg 275w, https:\/\/hundefreunde-aischgrund.de\/wp-content\/uploads\/2024\/09\/IMG-20240818-WA0029-768x838.jpg 768w, https:\/\/hundefreunde-aischgrund.de\/wp-content\/uploads\/2024\/09\/IMG-20240818-WA0029-1407x1536.jpg 1407w, https:\/\/hundefreunde-aischgrund.de\/wp-content\/uploads\/2024\/09\/IMG-20240818-WA0029-600x655.jpg 600w, https:\/\/hundefreunde-aischgrund.de\/wp-content\/uploads\/2024\/09\/IMG-20240818-WA0029-945x1031.jpg 945w, https:\/\/hundefreunde-aischgrund.de\/wp-content\/uploads\/2024\/09\/IMG-20240818-WA0029.jpg 1466w\" sizes=\"(max-width: 938px) 100vw, 938px\" \/><\/figure>\n\n\n\n<p><\/p>\n\n\n\n<figure class=\"wp-block-image size-large\"><img loading=\"lazy\" decoding=\"async\" width=\"1024\" height=\"722\" src=\"https:\/\/hundefreunde-aischgrund.de\/wp-content\/uploads\/2024\/09\/IMG-20240818-WA0028-1024x722.jpg\" alt=\"\" class=\"wp-image-551\" srcset=\"https:\/\/hundefreunde-aischgrund.de\/wp-content\/uploads\/2024\/09\/IMG-20240818-WA0028-1024x722.jpg 1024w, https:\/\/hundefreunde-aischgrund.de\/wp-content\/uploads\/2024\/09\/IMG-20240818-WA0028-300x212.jpg 300w, https:\/\/hundefreunde-aischgrund.de\/wp-content\/uploads\/2024\/09\/IMG-20240818-WA0028-768x541.jpg 768w, https:\/\/hundefreunde-aischgrund.de\/wp-content\/uploads\/2024\/09\/IMG-20240818-WA0028-1536x1083.jpg 1536w, https:\/\/hundefreunde-aischgrund.de\/wp-content\/uploads\/2024\/09\/IMG-20240818-WA0028-600x423.jpg 600w, https:\/\/hundefreunde-aischgrund.de\/wp-content\/uploads\/2024\/09\/IMG-20240818-WA0028-945x666.jpg 945w, https:\/\/hundefreunde-aischgrund.de\/wp-content\/uploads\/2024\/09\/IMG-20240818-WA0028.jpg 1600w\" sizes=\"(max-width: 1024px) 100vw, 1024px\" \/><\/figure>\n\n\n\n<p><\/p>\n\n\n\n<figure class=\"wp-block-image size-large\"><img loading=\"lazy\" decoding=\"async\" width=\"768\" height=\"1024\" src=\"https:\/\/hundefreunde-aischgrund.de\/wp-content\/uploads\/2024\/09\/20240901-0839-768x1024.jpg\" alt=\"\" class=\"wp-image-563\" srcset=\"https:\/\/hundefreunde-aischgrund.de\/wp-content\/uploads\/2024\/09\/20240901-0839-768x1024.jpg 768w, https:\/\/hundefreunde-aischgrund.de\/wp-content\/uploads\/2024\/09\/20240901-0839-225x300.jpg 225w, https:\/\/hundefreunde-aischgrund.de\/wp-content\/uploads\/2024\/09\/20240901-0839-1152x1536.jpg 1152w, https:\/\/hundefreunde-aischgrund.de\/wp-content\/uploads\/2024\/09\/20240901-0839-600x800.jpg 600w, https:\/\/hundefreunde-aischgrund.de\/wp-content\/uploads\/2024\/09\/20240901-0839-945x1260.jpg 945w, https:\/\/hundefreunde-aischgrund.de\/wp-content\/uploads\/2024\/09\/20240901-0839.jpg 1200w\" sizes=\"(max-width: 768px) 100vw, 768px\" \/><\/figure>\n\n\n\n<p><\/p>\n\n\n\n<figure class=\"wp-block-image size-large\"><img loading=\"lazy\" decoding=\"async\" width=\"768\" height=\"1024\" src=\"https:\/\/hundefreunde-aischgrund.de\/wp-content\/uploads\/2024\/09\/20240901-0855-768x1024.jpg\" alt=\"\" class=\"wp-image-564\" srcset=\"https:\/\/hundefreunde-aischgrund.de\/wp-content\/uploads\/2024\/09\/20240901-0855-768x1024.jpg 768w, https:\/\/hundefreunde-aischgrund.de\/wp-content\/uploads\/2024\/09\/20240901-0855-225x300.jpg 225w, https:\/\/hundefreunde-aischgrund.de\/wp-content\/uploads\/2024\/09\/20240901-0855-1152x1536.jpg 1152w, https:\/\/hundefreunde-aischgrund.de\/wp-content\/uploads\/2024\/09\/20240901-0855-600x800.jpg 600w, https:\/\/hundefreunde-aischgrund.de\/wp-content\/uploads\/2024\/09\/20240901-0855-945x1260.jpg 945w, https:\/\/hundefreunde-aischgrund.de\/wp-content\/uploads\/2024\/09\/20240901-0855.jpg 1200w\" sizes=\"(max-width: 768px) 100vw, 768px\" \/><\/figure>\n","protected":false},"excerpt":{"rendered":"<p>Wenn das kein Grund zum Feiern ist! Am Sa., dem 17.08.24, begann unser Fest am Nachmittag mit der Begr\u00fc\u00dfung durch unseren Vorstand Krimhild Ingrisch. Sie erz\u00e4hlte von der Entwicklung des Vereines und ehrte die noch zwei verbliebenen Gr\u00fcndungsmitglieder Caro Hammerl&#8230; <a class=\"more-link\" href=\"https:\/\/hundefreunde-aischgrund.de\/?p=548\">Weiterlesen &rarr;<\/a><\/p>\n","protected":false},"author":2,"featured_media":561,"comment_status":"closed","ping_status":"closed","sticky":false,"template":"","format":"standard","meta":{"footnotes":""},"categories":[1],"tags":[],"class_list":["post-548","post","type-post","status-publish","format-standard","has-post-thumbnail","hentry","category-uncategorized"],"_links":{"self":[{"href":"https:\/\/hundefreunde-aischgrund.de\/index.php?rest_route=\/wp\/v2\/posts\/548"}],"collection":[{"href":"https:\/\/hundefreunde-aischgrund.de\/index.php?rest_route=\/wp\/v2\/posts"}],"about":[{"href":"https:\/\/hundefreunde-aischgrund.de\/index.php?rest_route=\/wp\/v2\/types\/post"}],"author":[{"embeddable":true,"href":"https:\/\/hundefreunde-aischgrund.de\/index.php?rest_route=\/wp\/v2\/users\/2"}],"replies":[{"embeddable":true,"href":"https:\/\/hundefreunde-aischgrund.de\/index.php?rest_route=%2Fwp%2Fv2%2Fcomments&post=548"}],"version-history":[{"count":5,"href":"https:\/\/hundefreunde-aischgrund.de\/index.php?rest_route=\/wp\/v2\/posts\/548\/revisions"}],"predecessor-version":[{"id":565,"href":"https:\/\/hundefreunde-aischgrund.de\/index.php?rest_route=\/wp\/v2\/posts\/548\/revisions\/565"}],"wp:featuredmedia":[{"embeddable":true,"href":"https:\/\/hundefreunde-aischgrund.de\/index.php?rest_route=\/wp\/v2\/media\/561"}],"wp:attachment":[{"href":"https:\/\/hundefreunde-aischgrund.de\/index.php?rest_route=%2Fwp%2Fv2%2Fmedia&parent=548"}],"wp:term":[{"taxonomy":"category","embeddable":true,"href":"https:\/\/hundefreunde-aischgrund.de\/index.php?rest_route=%2Fwp%2Fv2%2Fcategories&post=548"},{"taxonomy":"post_tag","embeddable":true,"href":"https:\/\/hundefreunde-aischgrund.de\/index.php?rest_route=%2Fwp%2Fv2%2Ftags&post=548"}],"curies":[{"name":"wp","href":"https:\/\/api.w.org\/{rel}","templated":true}]}}